{"id":7625,"date":"2026-01-16T11:22:08","date_gmt":"2026-01-16T14:22:08","guid":{"rendered":"https:\/\/www.armada.mil.uy\/?p=7625"},"modified":"2026-01-16T11:22:15","modified_gmt":"2026-01-16T14:22:15","slug":"curso-de-capacitacion-comando-anfibio","status":"publish","type":"post","link":"https:\/\/www.armada.mil.uy\/?p=7625","title":{"rendered":"Curso de Capacitaci\u00f3n Comando Anfibio"},"content":{"rendered":"\n<p class=\"has-text-align-left\">El pasado 19 de diciembre de 2025, en la Plaza de Armas de la Base de Infanter\u00eda de Marina Bater\u00edas en Argentina, se realiz\u00f3 la ceremonia de egreso del Curso de Capacitaci\u00f3n Comando Anfibio, en el que particip\u00f3 el Alf\u00e9rez de Nav\u00edo (CG) Pablo Pedreira del Comando de Infanter\u00eda de Marina.<\/p>\n\n\n\n<p class=\"has-text-align-left\">La ceremonia, cont\u00f3 con la presencia del Comandante de Infanter\u00eda de la Marina de la Rep\u00fablica Argentina, Contraalmirante Javier Pedro L\u00f3pez y del Comandante de Infanter\u00eda de Marina de la Rep\u00fablica Oriental del Uruguay, Capit\u00e1n de Nav\u00edo (CG) Sergio Sar.<\/p>\n\n\n\n<p class=\"has-text-align-left\">Este curso, se desarroll\u00f3 en diferentes etapas durante todo el a\u00f1o 2025, que const\u00f3 en las siguientes capacitaciones que se necesitan para ser Comando Anfibio: Comando Ej\u00e9rcito Argentino, Buzo Militar y Paracaidista Militar.<\/p>\n\n\n\n<p class=\"has-text-align-left\"><strong>En el siguiente enlace se encuentra m\u00e1s informaci\u00f3n:<\/strong><\/p>\n\n\n\n<p class=\"has-text-align-left\"><a href=\"https:\/\/gacetamarinera.com.ar\/nota\/1896?title=Se-entregaron-diplomas-a-Infantes-de-Marina-\">https:\/\/gacetamarinera.com.ar\/nota\/1896?title=Se-entregaron-diplomas-a-Infantes-de-Marina-<\/a><\/p>\n","protected":false},"excerpt":{"rendered":"<p>El pasado 19 de diciembre de 2025, en la Plaza de Armas de la Base de Infanter\u00eda de Marina Bater\u00edas en Argentina, se realiz\u00f3 la ceremonia de egreso del Curso de Capacitaci\u00f3n Comando Anfibio, en el que particip\u00f3 el Alf\u00e9rez de Nav\u00edo (CG) Pablo Pedreira del Comando de Infanter\u00eda de Marina. La ceremonia, cont\u00f3 con [&hellip;]<\/p>\n","protected":false},"author":3,"featured_media":7626,"comment_status":"closed","ping_status":"closed","sticky":false,"template":"","format":"standard","meta":{"footnotes":""},"categories":[16],"tags":[],"post_folder":[],"class_list":["post-7625","post","type-post","status-publish","format-standard","has-post-thumbnail","hentry","category-noticias"],"aioseo_notices":[],"_links":{"self":[{"href":"https:\/\/www.armada.mil.uy\/index.php?rest_route=\/wp\/v2\/posts\/7625","targetHints":{"allow":["GET"]}}],"collection":[{"href":"https:\/\/www.armada.mil.uy\/index.php?rest_route=\/wp\/v2\/posts"}],"about":[{"href":"https:\/\/www.armada.mil.uy\/index.php?rest_route=\/wp\/v2\/types\/post"}],"author":[{"embeddable":true,"href":"https:\/\/www.armada.mil.uy\/index.php?rest_route=\/wp\/v2\/users\/3"}],"replies":[{"embeddable":true,"href":"https:\/\/www.armada.mil.uy\/index.php?rest_route=%2Fwp%2Fv2%2Fcomments&post=7625"}],"version-history":[{"count":1,"href":"https:\/\/www.armada.mil.uy\/index.php?rest_route=\/wp\/v2\/posts\/7625\/revisions"}],"predecessor-version":[{"id":7627,"href":"https:\/\/www.armada.mil.uy\/index.php?rest_route=\/wp\/v2\/posts\/7625\/revisions\/7627"}],"wp:featuredmedia":[{"embeddable":true,"href":"https:\/\/www.armada.mil.uy\/index.php?rest_route=\/wp\/v2\/media\/7626"}],"wp:attachment":[{"href":"https:\/\/www.armada.mil.uy\/index.php?rest_route=%2Fwp%2Fv2%2Fmedia&parent=7625"}],"wp:term":[{"taxonomy":"category","embeddable":true,"href":"https:\/\/www.armada.mil.uy\/index.php?rest_route=%2Fwp%2Fv2%2Fcategories&post=7625"},{"taxonomy":"post_tag","embeddable":true,"href":"https:\/\/www.armada.mil.uy\/index.php?rest_route=%2Fwp%2Fv2%2Ftags&post=7625"},{"taxonomy":"post_folder","embeddable":true,"href":"https:\/\/www.armada.mil.uy\/index.php?rest_route=%2Fwp%2Fv2%2Fpost_folder&post=7625"}],"curies":[{"name":"wp","href":"https:\/\/api.w.org\/{rel}","templated":true}]}}