{"id":7119,"date":"2025-11-15T15:30:00","date_gmt":"2025-11-15T18:30:00","guid":{"rendered":"https:\/\/www.armada.mil.uy\/?p=7119"},"modified":"2025-12-03T14:09:06","modified_gmt":"2025-12-03T17:09:06","slug":"discurso-del-comandante-en-jefe-por-el-208-aniversario-de-la-armada-nacional","status":"publish","type":"post","link":"https:\/\/www.armada.mil.uy\/?p=7119","title":{"rendered":"Discurso del Comandante en Jefe por el 208\u00b0 Aniversario de la Armada Nacional"},"content":{"rendered":"\n<p>Se\u00f1or Presidente de la Rep\u00fablica, prof Yamandu Orsi, Se\u00f1ora Ministra de Defensa Nacional, Sandra Lazo, Autoridades Nacionales, Departamentales, Civiles y Militares, Representaciones Diplom\u00e1ticas, Autoridades Extrajeras, Instituciones Sociales y Deportivas, Amigos de la Instituci\u00f3n, Familia Naval, Se\u00f1oras y Se\u00f1ores.<\/p>\n\n\n\n<p>Sean todos ustedes bienvenidos a la ceremonia de celebraci\u00f3n del 208 aniversario de creaci\u00f3n de la Armada Nacional, d\u00eda en el que adem\u00e1s recordamos nuestros ca\u00eddos en actos del servicio. Esta plaza como palco al mar nos permite ver nuestra proyecci\u00f3n mar\u00edtima, en la que nuestros buques de la fuerza de mar y embarcaciones menores de la prefectura , rinden honores a nuestras autoridades e invitados y de esta forma marcan la presencia del estado en nuestras aguas jurisdiccionales, tenemos el alto honor que a la misma acompa\u00f1an tres buques de nuestra amiga marina del Brasil, quienes navegaron hasta aqu\u00ed para acompa\u00f1arnos en nuestro aniversario, sumado a un helic\u00f3ptero que integra la formaci\u00f3n aeronaval.<\/p>\n\n\n\n<p>Nos acompa\u00f1an tambi\u00e9n, embarcaciones de la asociaci\u00f3n honoraria de salvamento mar\u00edtimos y fluviales al igual que embarcaciones deportivas de clubes n\u00e1uticos amigos. Es aqu\u00ed en esta plaza donde se yergue silencioso el monumento a los Ca\u00eddos en Acto de Servicio de la Armada Nacional, Un lugar de homenaje para ellos, sin dudas un lugar de recuerdo y reflexi\u00f3n para sus familiares y camaradas.<\/p>\n\n\n\n<p>Monumento que fue realizado por el escultor Eduardo Diaz Yepes a iniciativa del Club Naval e inaugurado el 15 de noviembre de 1960, a raz\u00f3n del fallecimiento de 8 tripulantes de la armada en el rescate del buque pesquero Isla de Flores en el Banco Ingles el 7 de agosto de 1954. La obra simboliza al marino en momentos de su muerte en el mar, en ella se puede apreciar una cabeza gacha de un hombre que lucha por sobre vivir y rescatar a los pescadores, su brazo izquierdo quebrado por un engranaje como s\u00edmbolo de lucha del hombre y la m\u00e1quina, su brazo derecho aferrado y su pecho en forma de esqueleto, finalizando en la parte superior una v\u00e9rtebra como estrella simbolizando la vida y la muerte.<\/p>\n\n\n\n<p>Honremos en el d\u00eda de hoy a quienes dieron su vida por la patria en el mar, a los marinos de todos los tiempos que sirvieron con valor y murieron con honor, que fueron grandes y fuertes porque fueron fieles a nuestro juramento, por eso como valientes lucharon por la vida y como h\u00e9roes murieron. Si alguna persona se pregunta porque alguien quiere ser parte de nuestra armada, he aqu\u00ed una respuesta.<\/p>\n\n\n\n<p>Un d\u00eda como hoy pero 208 a\u00f1os atr\u00e1s en el Cuartel General de Purificaci\u00f3n se comenzaba a gestar nuestra historia cuando un 15 de noviembre de 1817, el General Jos\u00e9 Gervasio Artigas como Jefe de Estado, junto a su Secretario de Marina Jos\u00e9 Monterroso extend\u00edan el documento que con sus firmas y el sello de Armas de la Rep\u00fablica , otorgaban la patente de Presa y corso, a favor de Juan Murphy, al buque corsario \u201cLa Fortuna\u201d. Artigas de es forma trasladaba su causa y la del pueblo de la Banda Oriental al mar, comenzando a tener una la clara visi\u00f3n e incluir a todos los espacios mar\u00edtimos como teatro de operaciones al servicio de la causa,<\/p>\n\n\n\n<p>La Marina Artiguista y el empleo de los Corsarios fueron los instrumentos que operaron en dichos escenarios. Esta medida sirvi\u00f3 para debilitar las flotas de las potencias enemigas con intereses en nuestras aguas y nuestros puertos. Otro claro ejemplo fue la firma de un tratado de libre comercio con Inglaterra pocos meses antes de la designaci\u00f3n del Irland\u00e9s Pedro Campbell, como primer Comandante General de la Marina Artiguista en 1817.<\/p>\n\n\n\n<p>Nuestra armada tiene un rumbo claro porque sabe de donde viene y las normas le indican para donde va, herederos de esa marina de Artigas y Campbel, los que la defendieron con firmeza y actitud ante la adversidad y es por eso que somos llamados a redoblar esos esfuerzos, que con dedicaci\u00f3n y profesionalismo y con el honor de ser marinos sabremos cumplir. Nadie mejor que nosotros sabe el estado de nuestros medios fluviales , mar\u00edtimos y aeronavales, quien les puede decir a ustedes los que est\u00e1n embarcados cual es el estado de sus buques y que es necesario un recambio generacional.<\/p>\n\n\n\n<p>En el d\u00eda de hoy tambi\u00e9n hemos hecho entrega de la medalla \u201cmerito al servicio naval\u201d a quienes han dedicado gran parte de sus vidas al servicio de la Armada, habiendo pasado a retiro en este \u00faltimo a\u00f1o. A todos ellos un enorme agradecimiento, especialmente a los que se han retirado por retiro obligatorio en los tiempos m\u00e1ximos, porque han puesto la instituci\u00f3n por sobre todas las cosas.<\/p>\n\n\n\n<p>Tripulantes de la Armada, ustedes son el bien m\u00e1s preciado que tiene nuestra instituci\u00f3n, nuestra esperanza est\u00e1 intacta y el esfuerzo debe continuar, honremos el pasado y dignifiquemos el futuro, gracias por su dedicaci\u00f3n constante y por el apoyo de sus familias.<\/p>\n\n\n\n<p>Continuemos navegando juntos por una armada mejor. Viva la Armada Nacional.<\/p>\n\n\n\n<figure class=\"wp-block-image size-large\"><img fetchpriority=\"high\" decoding=\"async\" width=\"1024\" height=\"652\" src=\"https:\/\/www.armada.mil.uy\/wp-content\/uploads\/2025\/12\/Discurso-del-Comandante-en-Jefe-por-los-208\u00b0-Aniversario-de-la-Armada-Nacional-02-1024x652.jpg\" alt=\"\" class=\"wp-image-7121\" srcset=\"https:\/\/www.armada.mil.uy\/wp-content\/uploads\/2025\/12\/Discurso-del-Comandante-en-Jefe-por-los-208\u00b0-Aniversario-de-la-Armada-Nacional-02-1024x652.jpg 1024w, https:\/\/www.armada.mil.uy\/wp-content\/uploads\/2025\/12\/Discurso-del-Comandante-en-Jefe-por-los-208\u00b0-Aniversario-de-la-Armada-Nacional-02-300x191.jpg 300w, https:\/\/www.armada.mil.uy\/wp-content\/uploads\/2025\/12\/Discurso-del-Comandante-en-Jefe-por-los-208\u00b0-Aniversario-de-la-Armada-Nacional-02-768x489.jpg 768w, https:\/\/www.armada.mil.uy\/wp-content\/uploads\/2025\/12\/Discurso-del-Comandante-en-Jefe-por-los-208\u00b0-Aniversario-de-la-Armada-Nacional-02-1536x978.jpg 1536w, https:\/\/www.armada.mil.uy\/wp-content\/uploads\/2025\/12\/Discurso-del-Comandante-en-Jefe-por-los-208\u00b0-Aniversario-de-la-Armada-Nacional-02-2048x1304.jpg 2048w, https:\/\/www.armada.mil.uy\/wp-content\/uploads\/2025\/12\/Discurso-del-Comandante-en-Jefe-por-los-208\u00b0-Aniversario-de-la-Armada-Nacional-02-1080x688.jpg 1080w, https:\/\/www.armada.mil.uy\/wp-content\/uploads\/2025\/12\/Discurso-del-Comandante-en-Jefe-por-los-208\u00b0-Aniversario-de-la-Armada-Nacional-02-610x388.jpg 610w, https:\/\/www.armada.mil.uy\/wp-content\/uploads\/2025\/12\/Discurso-del-Comandante-en-Jefe-por-los-208\u00b0-Aniversario-de-la-Armada-Nacional-02-600x382.jpg 600w, https:\/\/www.armada.mil.uy\/wp-content\/uploads\/2025\/12\/Discurso-del-Comandante-en-Jefe-por-los-208\u00b0-Aniversario-de-la-Armada-Nacional-02-560x357.jpg 560w\" sizes=\"(max-width: 1024px) 100vw, 1024px\" \/><\/figure>\n","protected":false},"excerpt":{"rendered":"<p>Se\u00f1or Presidente de la Rep\u00fablica, prof Yamandu Orsi, Se\u00f1ora Ministra de Defensa Nacional, Sandra Lazo, Autoridades Nacionales, Departamentales, Civiles y Militares, Representaciones Diplom\u00e1ticas, Autoridades Extrajeras, Instituciones Sociales y Deportivas, Amigos de la Instituci\u00f3n, Familia Naval, Se\u00f1oras y Se\u00f1ores. Sean todos ustedes bienvenidos a la ceremonia de celebraci\u00f3n del 208 aniversario de creaci\u00f3n de la Armada [&hellip;]<\/p>\n","protected":false},"author":1,"featured_media":7120,"comment_status":"closed","ping_status":"closed","sticky":false,"template":"","format":"standard","meta":{"footnotes":""},"categories":[16],"tags":[],"post_folder":[],"class_list":["post-7119","post","type-post","status-publish","format-standard","has-post-thumbnail","hentry","category-noticias"],"aioseo_notices":[],"_links":{"self":[{"href":"https:\/\/www.armada.mil.uy\/index.php?rest_route=\/wp\/v2\/posts\/7119","targetHints":{"allow":["GET"]}}],"collection":[{"href":"https:\/\/www.armada.mil.uy\/index.php?rest_route=\/wp\/v2\/posts"}],"about":[{"href":"https:\/\/www.armada.mil.uy\/index.php?rest_route=\/wp\/v2\/types\/post"}],"author":[{"embeddable":true,"href":"https:\/\/www.armada.mil.uy\/index.php?rest_route=\/wp\/v2\/users\/1"}],"replies":[{"embeddable":true,"href":"https:\/\/www.armada.mil.uy\/index.php?rest_route=%2Fwp%2Fv2%2Fcomments&post=7119"}],"version-history":[{"count":2,"href":"https:\/\/www.armada.mil.uy\/index.php?rest_route=\/wp\/v2\/posts\/7119\/revisions"}],"predecessor-version":[{"id":7124,"href":"https:\/\/www.armada.mil.uy\/index.php?rest_route=\/wp\/v2\/posts\/7119\/revisions\/7124"}],"wp:featuredmedia":[{"embeddable":true,"href":"https:\/\/www.armada.mil.uy\/index.php?rest_route=\/wp\/v2\/media\/7120"}],"wp:attachment":[{"href":"https:\/\/www.armada.mil.uy\/index.php?rest_route=%2Fwp%2Fv2%2Fmedia&parent=7119"}],"wp:term":[{"taxonomy":"category","embeddable":true,"href":"https:\/\/www.armada.mil.uy\/index.php?rest_route=%2Fwp%2Fv2%2Fcategories&post=7119"},{"taxonomy":"post_tag","embeddable":true,"href":"https:\/\/www.armada.mil.uy\/index.php?rest_route=%2Fwp%2Fv2%2Ftags&post=7119"},{"taxonomy":"post_folder","embeddable":true,"href":"https:\/\/www.armada.mil.uy\/index.php?rest_route=%2Fwp%2Fv2%2Fpost_folder&post=7119"}],"curies":[{"name":"wp","href":"https:\/\/api.w.org\/{rel}","templated":true}]}}