{"id":7112,"date":"2025-11-15T15:00:00","date_gmt":"2025-11-15T18:00:00","guid":{"rendered":"https:\/\/www.armada.mil.uy\/?p=7112"},"modified":"2025-12-03T13:40:53","modified_gmt":"2025-12-03T16:40:53","slug":"208-aniversario-de-la-armada-nacional-2","status":"publish","type":"post","link":"https:\/\/www.armada.mil.uy\/?p=7112","title":{"rendered":"208\u00b0 Aniversario de la Armada Nacional"},"content":{"rendered":"\n<p>En la ma\u00f1ana de hoy, en la Plaza de la Armada se llev\u00f3 a cabo el acto central por el 208o Aniversario de creaci\u00f3n de la Instituci\u00f3n.<\/p>\n\n\n\n<p>La ceremonia cont\u00f3 con la presencia del Se\u00f1or Presidente de la Rep\u00fablica Prof. Yamand\u00fa ORSI, Se\u00f1ora Ministra de Defensa Nacional, Do\u00f1a Sandra LAZO, Se\u00f1or Comandante en Jefe de la Armada Nacional, Almirante Jos\u00e9 Luis ELIZONDO CHIESA, Autoridades Nacionales, Departamentales, Civiles y Militares, Personal Superior y Subalterno de la Fuerza, Representaciones Diplom\u00e1ticas, Autoridades Extranjeras, Instituciones Sociales y Deportivas, amigos de la Instituci\u00f3n y familiares.<\/p>\n\n\n\n<p>Dando inicio a la ceremonia, el Se\u00f1or Presidente de la Rep\u00fablica, salud\u00f3 a los efectivos formados.<\/p>\n\n\n\n<p>Seguidamente, como ya es tradicional, el Personal Superior y Subalterno que pas\u00f3 a situaci\u00f3n de retiro durante el \u00faltimo a\u00f1o, fue distinguido con la Medalla \u201cArmada Nacional\u201d en las categor\u00edas de Oro y Plata.<\/p>\n\n\n\n<figure class=\"wp-block-image size-large\"><img fetchpriority=\"high\" decoding=\"async\" width=\"1024\" height=\"645\" src=\"https:\/\/www.armada.mil.uy\/wp-content\/uploads\/2025\/12\/208\u00b0-Aniversario-de-la-Armada-Nacional-02-1024x645.jpg\" alt=\"\" class=\"wp-image-7114\" srcset=\"https:\/\/www.armada.mil.uy\/wp-content\/uploads\/2025\/12\/208\u00b0-Aniversario-de-la-Armada-Nacional-02-1024x645.jpg 1024w, https:\/\/www.armada.mil.uy\/wp-content\/uploads\/2025\/12\/208\u00b0-Aniversario-de-la-Armada-Nacional-02-300x189.jpg 300w, https:\/\/www.armada.mil.uy\/wp-content\/uploads\/2025\/12\/208\u00b0-Aniversario-de-la-Armada-Nacional-02-768x484.jpg 768w, https:\/\/www.armada.mil.uy\/wp-content\/uploads\/2025\/12\/208\u00b0-Aniversario-de-la-Armada-Nacional-02-1536x967.jpg 1536w, https:\/\/www.armada.mil.uy\/wp-content\/uploads\/2025\/12\/208\u00b0-Aniversario-de-la-Armada-Nacional-02-2048x1290.jpg 2048w, https:\/\/www.armada.mil.uy\/wp-content\/uploads\/2025\/12\/208\u00b0-Aniversario-de-la-Armada-Nacional-02-1080x680.jpg 1080w, https:\/\/www.armada.mil.uy\/wp-content\/uploads\/2025\/12\/208\u00b0-Aniversario-de-la-Armada-Nacional-02-610x384.jpg 610w, https:\/\/www.armada.mil.uy\/wp-content\/uploads\/2025\/12\/208\u00b0-Aniversario-de-la-Armada-Nacional-02-600x378.jpg 600w, https:\/\/www.armada.mil.uy\/wp-content\/uploads\/2025\/12\/208\u00b0-Aniversario-de-la-Armada-Nacional-02-560x353.jpg 560w\" sizes=\"(max-width: 1024px) 100vw, 1024px\" \/><\/figure>\n\n\n\n<p>Acto seguido, el Presidente de la Rep\u00fablica acompa\u00f1ado por la Ministra de Defensa Nacional y el Comandante en Jefe de la Armada, colocaron una ofrenda floral en homenaje a los ca\u00eddos en Acto de Servicio.<\/p>\n\n\n\n<p>En honor a ellos, la Banda de Parada ejecut\u00f3 un Toque de Silencio.<\/p>\n\n\n\n<p>Luego de las palabras alusivas a la fecha por parte del Comandante en Jefe, se realiz\u00f3 una salva de 21 ca\u00f1onazos a cargo de la Bater\u00eda Centenario.<\/p>\n\n\n\n<figure class=\"wp-block-image size-large\"><img decoding=\"async\" width=\"1024\" height=\"676\" src=\"https:\/\/www.armada.mil.uy\/wp-content\/uploads\/2025\/12\/208\u00b0-Aniversario-de-la-Armada-Nacional-04-1024x676.jpg\" alt=\"\" class=\"wp-image-7115\" srcset=\"https:\/\/www.armada.mil.uy\/wp-content\/uploads\/2025\/12\/208\u00b0-Aniversario-de-la-Armada-Nacional-04-1024x676.jpg 1024w, https:\/\/www.armada.mil.uy\/wp-content\/uploads\/2025\/12\/208\u00b0-Aniversario-de-la-Armada-Nacional-04-300x198.jpg 300w, https:\/\/www.armada.mil.uy\/wp-content\/uploads\/2025\/12\/208\u00b0-Aniversario-de-la-Armada-Nacional-04-768x507.jpg 768w, https:\/\/www.armada.mil.uy\/wp-content\/uploads\/2025\/12\/208\u00b0-Aniversario-de-la-Armada-Nacional-04-1536x1014.jpg 1536w, https:\/\/www.armada.mil.uy\/wp-content\/uploads\/2025\/12\/208\u00b0-Aniversario-de-la-Armada-Nacional-04-2048x1351.jpg 2048w, https:\/\/www.armada.mil.uy\/wp-content\/uploads\/2025\/12\/208\u00b0-Aniversario-de-la-Armada-Nacional-04-1080x713.jpg 1080w, https:\/\/www.armada.mil.uy\/wp-content\/uploads\/2025\/12\/208\u00b0-Aniversario-de-la-Armada-Nacional-04-610x403.jpg 610w, https:\/\/www.armada.mil.uy\/wp-content\/uploads\/2025\/12\/208\u00b0-Aniversario-de-la-Armada-Nacional-04-600x396.jpg 600w, https:\/\/www.armada.mil.uy\/wp-content\/uploads\/2025\/12\/208\u00b0-Aniversario-de-la-Armada-Nacional-04-560x370.jpg 560w\" sizes=\"(max-width: 1024px) 100vw, 1024px\" \/><\/figure>\n\n\n\n<p>Para finalizar la ceremonia, en homenaje al ducent\u00e9simo octavo Aniversario de fundaci\u00f3n de la Armada Nacional, el Agrupamiento Naval desfil\u00f3 en honor a las autoridades; cerrando el desfile, sobrevol\u00f3 una formaci\u00f3n de aeronaves pertenecientes al Comando de la Aviaci\u00f3n Naval (COMAN).<\/p>\n\n\n\n<figure class=\"wp-block-image size-large\"><img decoding=\"async\" width=\"1024\" height=\"737\" src=\"https:\/\/www.armada.mil.uy\/wp-content\/uploads\/2025\/12\/208\u00b0-Aniversario-de-la-Armada-Nacional-03-1024x737.jpg\" alt=\"\" class=\"wp-image-7116\" srcset=\"https:\/\/www.armada.mil.uy\/wp-content\/uploads\/2025\/12\/208\u00b0-Aniversario-de-la-Armada-Nacional-03-1024x737.jpg 1024w, https:\/\/www.armada.mil.uy\/wp-content\/uploads\/2025\/12\/208\u00b0-Aniversario-de-la-Armada-Nacional-03-300x216.jpg 300w, https:\/\/www.armada.mil.uy\/wp-content\/uploads\/2025\/12\/208\u00b0-Aniversario-de-la-Armada-Nacional-03-768x552.jpg 768w, https:\/\/www.armada.mil.uy\/wp-content\/uploads\/2025\/12\/208\u00b0-Aniversario-de-la-Armada-Nacional-03-1536x1105.jpg 1536w, https:\/\/www.armada.mil.uy\/wp-content\/uploads\/2025\/12\/208\u00b0-Aniversario-de-la-Armada-Nacional-03-2048x1473.jpg 2048w, https:\/\/www.armada.mil.uy\/wp-content\/uploads\/2025\/12\/208\u00b0-Aniversario-de-la-Armada-Nacional-03-1080x777.jpg 1080w, https:\/\/www.armada.mil.uy\/wp-content\/uploads\/2025\/12\/208\u00b0-Aniversario-de-la-Armada-Nacional-03-610x439.jpg 610w, https:\/\/www.armada.mil.uy\/wp-content\/uploads\/2025\/12\/208\u00b0-Aniversario-de-la-Armada-Nacional-03-600x432.jpg 600w, https:\/\/www.armada.mil.uy\/wp-content\/uploads\/2025\/12\/208\u00b0-Aniversario-de-la-Armada-Nacional-03-560x403.jpg 560w\" sizes=\"(max-width: 1024px) 100vw, 1024px\" \/><\/figure>\n","protected":false},"excerpt":{"rendered":"<p>En la ma\u00f1ana de hoy, en la Plaza de la Armada se llev\u00f3 a cabo el acto central por el 208o Aniversario de creaci\u00f3n de la Instituci\u00f3n. La ceremonia cont\u00f3 con la presencia del Se\u00f1or Presidente de la Rep\u00fablica Prof. Yamand\u00fa ORSI, Se\u00f1ora Ministra de Defensa Nacional, Do\u00f1a Sandra LAZO, Se\u00f1or Comandante en Jefe de [&hellip;]<\/p>\n","protected":false},"author":1,"featured_media":7113,"comment_status":"closed","ping_status":"closed","sticky":false,"template":"","format":"standard","meta":{"footnotes":""},"categories":[16],"tags":[],"post_folder":[],"class_list":["post-7112","post","type-post","status-publish","format-standard","has-post-thumbnail","hentry","category-noticias"],"aioseo_notices":[],"_links":{"self":[{"href":"https:\/\/www.armada.mil.uy\/index.php?rest_route=\/wp\/v2\/posts\/7112","targetHints":{"allow":["GET"]}}],"collection":[{"href":"https:\/\/www.armada.mil.uy\/index.php?rest_route=\/wp\/v2\/posts"}],"about":[{"href":"https:\/\/www.armada.mil.uy\/index.php?rest_route=\/wp\/v2\/types\/post"}],"author":[{"embeddable":true,"href":"https:\/\/www.armada.mil.uy\/index.php?rest_route=\/wp\/v2\/users\/1"}],"replies":[{"embeddable":true,"href":"https:\/\/www.armada.mil.uy\/index.php?rest_route=%2Fwp%2Fv2%2Fcomments&post=7112"}],"version-history":[{"count":1,"href":"https:\/\/www.armada.mil.uy\/index.php?rest_route=\/wp\/v2\/posts\/7112\/revisions"}],"predecessor-version":[{"id":7117,"href":"https:\/\/www.armada.mil.uy\/index.php?rest_route=\/wp\/v2\/posts\/7112\/revisions\/7117"}],"wp:featuredmedia":[{"embeddable":true,"href":"https:\/\/www.armada.mil.uy\/index.php?rest_route=\/wp\/v2\/media\/7113"}],"wp:attachment":[{"href":"https:\/\/www.armada.mil.uy\/index.php?rest_route=%2Fwp%2Fv2%2Fmedia&parent=7112"}],"wp:term":[{"taxonomy":"category","embeddable":true,"href":"https:\/\/www.armada.mil.uy\/index.php?rest_route=%2Fwp%2Fv2%2Fcategories&post=7112"},{"taxonomy":"post_tag","embeddable":true,"href":"https:\/\/www.armada.mil.uy\/index.php?rest_route=%2Fwp%2Fv2%2Ftags&post=7112"},{"taxonomy":"post_folder","embeddable":true,"href":"https:\/\/www.armada.mil.uy\/index.php?rest_route=%2Fwp%2Fv2%2Fpost_folder&post=7112"}],"curies":[{"name":"wp","href":"https:\/\/api.w.org\/{rel}","templated":true}]}}