{"id":7107,"date":"2025-12-02T13:52:41","date_gmt":"2025-12-02T16:52:41","guid":{"rendered":"https:\/\/www.armada.mil.uy\/?p=7107"},"modified":"2025-12-02T13:53:26","modified_gmt":"2025-12-02T16:53:26","slug":"creacion-del-centro-de-balizamiento-fluvial","status":"publish","type":"post","link":"https:\/\/www.armada.mil.uy\/?p=7107","title":{"rendered":"Creaci\u00f3n del Centro de Balizamiento Fluvial"},"content":{"rendered":"\n<p><strong>Inauguraci\u00f3n <\/strong><strong>del Centro de Balizamiento Fluvial (CEBAF), dependiente de<\/strong><strong>l<\/strong><strong>Servicio de Balizamiento de la Armada (<\/strong><strong>SERBA<\/strong><strong>).<\/strong><\/p>\n\n\n\n<p>Este centro se encuentra ubicado en BAFLU, dentro del \u00e1rea de la Base del Oeste Capit\u00e1n (CP) Luis Musetti y tendr\u00e1 a su cargo las tareas de operaci\u00f3n y mantenimiento de la se\u00f1alizaci\u00f3n mar\u00edtima en el R\u00edo Uruguay, bajo est\u00e1ndares de la International Association of Marine Aids to Navigation and Lighthouse Authorities (IALA), desde el puerto de Nueva Palmira hasta el puerto de Bella Uni\u00f3n. Su misi\u00f3n es armonizar y mejorar las ayudas a la navegaci\u00f3n, asegurando que el tr\u00e1nsito de los buques sea seguro, \u00e1gil, eficiente y respetuoso con el medio ambiente.<\/p>\n\n\n\n<p>En el d\u00eda de ayer, se llev\u00f3 a cabo la inauguraci\u00f3n de la citada dependencia, un hito que reafirma el compromiso de la Armada Nacional con la seguridad de la navegaci\u00f3n y con el estricto cumplimiento de los convenios internacionales en la materia. La puesta en funcionamiento de este centro no solo mejora las capacidades operativas en el R\u00edo Uruguay, sino que tambi\u00e9n refleja la voluntad institucional de elevar los est\u00e1ndares de servicio, fortalecer la presencia del Estado en la v\u00eda fluvial y continuar trabajando en beneficio de todos los usuarios que dependen de un sistema de se\u00f1alizaci\u00f3n mar\u00edtima preciso, confiable y actualizado.<\/p>\n\n\n\n<p><a><\/a> Cumplir con las gu\u00edas, normas y recomendaciones de IALA es fundamental para garantizar una navegaci\u00f3n segura, eficiente y acorde a las exigencias de un entorno mar\u00edtimo moderno. Estas directrices, reconocidas a nivel internacional, aseguran que nuestras ayudas a la navegaci\u00f3n mantengan criterios unificados con los utilizados en otros pa\u00edses, permitiendo una mayor coordinaci\u00f3n y reduciendo significativamente los riesgos operativos. Asimismo, promueven la actualizaci\u00f3n continua de los sistemas de se\u00f1alizaci\u00f3n, fortaleciendo la confiabilidad del balizamiento y contribuyendo a la protecci\u00f3n del medio ambiente y al desarrollo sostenible de las actividades mar\u00edtimas. Con la apertura de CEBAF la Armada Nacional contar\u00e1 con 11 dependencias ejecutoras de las pol\u00edticas de ayudas a la navegaci\u00f3n.<\/p>\n\n\n\n<figure class=\"wp-block-gallery has-nested-images columns-default is-cropped wp-block-gallery-1 is-layout-flex wp-block-gallery-is-layout-flex\">\n<figure class=\"wp-block-image size-large\"><img fetchpriority=\"high\" decoding=\"async\" width=\"638\" height=\"681\" data-id=\"7109\" src=\"https:\/\/www.armada.mil.uy\/wp-content\/uploads\/2025\/12\/55555.jpg\" alt=\"\" class=\"wp-image-7109\" srcset=\"https:\/\/www.armada.mil.uy\/wp-content\/uploads\/2025\/12\/55555.jpg 638w, https:\/\/www.armada.mil.uy\/wp-content\/uploads\/2025\/12\/55555-281x300.jpg 281w, https:\/\/www.armada.mil.uy\/wp-content\/uploads\/2025\/12\/55555-610x651.jpg 610w, https:\/\/www.armada.mil.uy\/wp-content\/uploads\/2025\/12\/55555-562x600.jpg 562w, https:\/\/www.armada.mil.uy\/wp-content\/uploads\/2025\/12\/55555-525x560.jpg 525w\" sizes=\"(max-width: 638px) 100vw, 638px\" \/><\/figure>\n<\/figure>\n\n\n\n<figure class=\"wp-block-gallery has-nested-images columns-default is-cropped wp-block-gallery-2 is-layout-flex wp-block-gallery-is-layout-flex\"><\/figure>\n","protected":false},"excerpt":{"rendered":"<p>Inauguraci\u00f3n del Centro de Balizamiento Fluvial (CEBAF), dependiente delServicio de Balizamiento de la Armada (SERBA). Este centro se encuentra ubicado en BAFLU, dentro del \u00e1rea de la Base del Oeste Capit\u00e1n (CP) Luis Musetti y tendr\u00e1 a su cargo las tareas de operaci\u00f3n y mantenimiento de la se\u00f1alizaci\u00f3n mar\u00edtima en el R\u00edo Uruguay, bajo est\u00e1ndares [&hellip;]<\/p>\n","protected":false},"author":3,"featured_media":7108,"comment_status":"closed","ping_status":"closed","sticky":false,"template":"","format":"standard","meta":{"footnotes":""},"categories":[16],"tags":[],"post_folder":[],"class_list":["post-7107","post","type-post","status-publish","format-standard","has-post-thumbnail","hentry","category-noticias"],"aioseo_notices":[],"_links":{"self":[{"href":"https:\/\/www.armada.mil.uy\/index.php?rest_route=\/wp\/v2\/posts\/7107","targetHints":{"allow":["GET"]}}],"collection":[{"href":"https:\/\/www.armada.mil.uy\/index.php?rest_route=\/wp\/v2\/posts"}],"about":[{"href":"https:\/\/www.armada.mil.uy\/index.php?rest_route=\/wp\/v2\/types\/post"}],"author":[{"embeddable":true,"href":"https:\/\/www.armada.mil.uy\/index.php?rest_route=\/wp\/v2\/users\/3"}],"replies":[{"embeddable":true,"href":"https:\/\/www.armada.mil.uy\/index.php?rest_route=%2Fwp%2Fv2%2Fcomments&post=7107"}],"version-history":[{"count":2,"href":"https:\/\/www.armada.mil.uy\/index.php?rest_route=\/wp\/v2\/posts\/7107\/revisions"}],"predecessor-version":[{"id":7111,"href":"https:\/\/www.armada.mil.uy\/index.php?rest_route=\/wp\/v2\/posts\/7107\/revisions\/7111"}],"wp:featuredmedia":[{"embeddable":true,"href":"https:\/\/www.armada.mil.uy\/index.php?rest_route=\/wp\/v2\/media\/7108"}],"wp:attachment":[{"href":"https:\/\/www.armada.mil.uy\/index.php?rest_route=%2Fwp%2Fv2%2Fmedia&parent=7107"}],"wp:term":[{"taxonomy":"category","embeddable":true,"href":"https:\/\/www.armada.mil.uy\/index.php?rest_route=%2Fwp%2Fv2%2Fcategories&post=7107"},{"taxonomy":"post_tag","embeddable":true,"href":"https:\/\/www.armada.mil.uy\/index.php?rest_route=%2Fwp%2Fv2%2Ftags&post=7107"},{"taxonomy":"post_folder","embeddable":true,"href":"https:\/\/www.armada.mil.uy\/index.php?rest_route=%2Fwp%2Fv2%2Fpost_folder&post=7107"}],"curies":[{"name":"wp","href":"https:\/\/api.w.org\/{rel}","templated":true}]}}